[{"@context":"https:\/\/schema.org\/","@type":"Article","@id":"https:\/\/www.telkas.cz\/tesite-se-na-hory-jak-se-vhodne-obleknout-kdyz-vyrazite-na-bezky-nebo-lyze\/#Article","mainEntityOfPage":"https:\/\/www.telkas.cz\/tesite-se-na-hory-jak-se-vhodne-obleknout-kdyz-vyrazite-na-bezky-nebo-lyze\/","headline":"T\u011b\u0161\u00edte se na hory? Jak se vhodn\u011b obl\u00e9knout, kdy\u017e vyr\u00e1\u017e\u00edte na b\u011b\u017eky nebo ly\u017ee?","name":"T\u011b\u0161\u00edte se na hory? Jak se vhodn\u011b obl\u00e9knout, kdy\u017e vyr\u00e1\u017e\u00edte na b\u011b\u017eky nebo ly\u017ee?","description":"U\u017e se t\u011b\u0161\u00edte na zasn\u011b\u017een\u00e9 vrcholky hor, a\u017e si budete moci vyrazit na b\u011b\u017eky nebo na ly\u017ee? Jak se ale spr\u00e1vn\u011b obl\u00e9knout na zasn\u011b\u017een\u00e9 sjezdovky &hellip; ","datePublished":"2022-10-24","dateModified":"2023-05-02","author":{"@type":"Person","@id":"https:\/\/www.telkas.cz\/author\/#Person","name":"","url":"https:\/\/www.telkas.cz\/author\/","identifier":1,"image":{"@type":"ImageObject","@id":"https:\/\/secure.gravatar.com\/avatar\/614460c3109f6ef46730ae87c5e2be623f574940fabcec1214dc0d8d5af688cf?s=96&d=mm&r=g","url":"https:\/\/secure.gravatar.com\/avatar\/614460c3109f6ef46730ae87c5e2be623f574940fabcec1214dc0d8d5af688cf?s=96&d=mm&r=g","height":96,"width":96}},"publisher":{"@type":"Organization","name":"telkas.cz","logo":{"@type":"ImageObject","@id":"\/logo.png","url":"\/logo.png","width":600,"height":60}},"image":{"@type":"ImageObject","@id":"https:\/\/www.telkas.cz\/wp-content\/uploads\/pexels-photo-14374647.jpeg","url":"https:\/\/www.telkas.cz\/wp-content\/uploads\/pexels-photo-14374647.jpeg","height":0,"width":0},"url":"https:\/\/www.telkas.cz\/tesite-se-na-hory-jak-se-vhodne-obleknout-kdyz-vyrazite-na-bezky-nebo-lyze\/","about":["Zbo\u017e\u00ed"],"wordCount":510,"articleBody":"        U\u017e se t\u011b\u0161\u00edte na zasn\u011b\u017een\u00e9 vrcholky hor, a\u017e si budete moci vyrazit na b\u011b\u017eky nebo na ly\u017ee? Jak se ale spr\u00e1vn\u011b obl\u00e9knout na zasn\u011b\u017een\u00e9 sjezdovky a trasy? T\u011b\u0161\u00edte se na hory? Jak se vhodn\u011b obl\u00e9knout, kdy\u017e vyr\u00e1\u017e\u00edte na b\u011b\u017eky nebo ly\u017ee? Zima u\u017e se zase hl\u00e1s\u00ed o slovo a na mnoha m\u00edstech republiky u\u017e dokonce sn\u011b\u017e\u00ed. M\u00e1te z toho radost a nem\u016f\u017eete se do\u010dkat toho, a\u017e si tak\u00e9 s rodinou vyraz\u00edte zaly\u017eovat nebo se prob\u011bhnete po roce zase na b\u011b\u017ek\u00e1ch? V zim\u011b je na hor\u00e1ch p\u0159ekr\u00e1sn\u011b, m\u016f\u017ee n\u00e1s potkat slun\u00ed\u010dko, jeho\u017e paprsky jsou velmi p\u0159\u00edjemn\u00e9, ale zejm\u00e9na n\u00e1s bude \u010dekat chlad. Na hor\u00e1ch n\u00e1s \u010dek\u00e1 toti\u017e hlavn\u011b sn\u00edh a je tedy pot\u0159eba se po\u0159\u00e1dn\u011b obl\u00e9knout. V\u00edte, co na sebe? Mnoz\u00ed lid\u00e9 vyr\u00e1\u017e\u00ed na hory poprv\u00e9 nebo jednodu\u0161e nev\u00ed, jak by m\u011blo spr\u00e1vn\u00e9 vybaven\u00ed na ly\u017ee \u010di b\u011b\u017eky vypadat. Jak byste se m\u011bli obl\u00e9knout, aby v\u00e1m nebyla zima a c\u00edtili jste se velmi p\u0159\u00edjemn\u011b? Kolik vrstev? Jedna nesta\u010d\u00ed! Ur\u010dit\u011b je t\u0159eba to vz\u00edt od z\u00e1kladu. Je jedno, zda se chyst\u00e1te na sjezdovky nebo m\u00e1te rad\u011bji vy\u0161lapan\u00e9 stopy a d\u00e1v\u00e1te p\u0159ednost b\u011b\u017ek\u00e1m. Mus\u00edte se c\u00edtit pohodln\u011b a mus\u00edte b\u00fdt vhodn\u011b oble\u010deni, aby v\u00e1s nemohl ohrozit chlad. No a co kdy\u017e se otepl\u00ed? I to se toti\u017e m\u016f\u017ee st\u00e1t! Pokud p\u0159eci jen slun\u00ed\u010dko bude sv\u00edtit v\u00edce, ne\u017e jste p\u0159edpokl\u00e1dali, je vhodn\u00e9 m\u00edt sebou jednu vrstvu nav\u00edc, kterou kdy\u017e sund\u00e1te, nebude v\u00e1m zima, ale naopak v\u00e1m bude p\u0159\u00edjemn\u011b. Jednu mikinu p\u0159ece v\u017edycky m\u016f\u017eete schovat do batohu, \u017ee? Za\u010dn\u011bte u spodn\u00edho funk\u010dn\u00edho pr\u00e1dla, u\u017e ta prvn\u00ed spodn\u00ed vrstva je velice d\u016fle\u017eit\u00e1. Funk\u010dn\u00ed materi\u00e1ly jsou navr\u017eeny speci\u00e1ln\u011b a p\u0159esn\u011b tak, aby poskytovaly ono pohodl\u00ed. Spodn\u00ed vrstvy oble\u010den\u00ed mus\u00ed absorbovat pot a odv\u00e1d\u011bt do od t\u011bla, z\u00e1rove\u0148 ale mus\u00edte b\u00fdt v teple. No a pr\u00e1v\u011b k tomu dopomohou dal\u0161\u00ed vrstvy oble\u010den\u00ed a t\u011bch je v zim\u011b pot\u0159eba m\u00edt na sob\u011b v\u00edce. Kolik \u010deho?Na spodn\u00ed pr\u00e1dlo obl\u00e9k\u00e1me funk\u010dn\u00ed tri\u010dko, na to zase mikinu a pot\u00e9 bundu, mikiny ale m\u016f\u017eete m\u00edt pro jistotu pr\u00e1v\u011b i rad\u011bji dv\u011b. Co se t\u00fd\u010de kalhot, ty vyb\u00edrejte tak\u00e9 pe\u010dliv\u011b. Kalhoty na b\u011b\u017eky Silvini Soracte jsou naprosto ide\u00e1ln\u00ed volbou. Nakonec ale nezapome\u0148te ani na men\u0161\u00ed \u010d\u00e1sti t\u011bla. Od hlavy m\u016f\u017ee unikat tak\u00e9 dost pot\u0159ebn\u00e9ho tepla, p\u0159ece nechcete nastydnout, nezapome\u0148te proto na \u010depici. Ur\u010dit\u011b pak chra\u0148te i ruce vhodn\u00fdmi rukavicemi.                                                                                                                                                                                                                                                                                                                                                                                                   "},{"@context":"https:\/\/schema.org\/","@type":"BreadcrumbList","itemListElement":[{"@type":"ListItem","position":1,"name":"T\u011b\u0161\u00edte se na hory? Jak se vhodn\u011b obl\u00e9knout, kdy\u017e vyr\u00e1\u017e\u00edte na b\u011b\u017eky nebo ly\u017ee?","item":"https:\/\/www.telkas.cz\/tesite-se-na-hory-jak-se-vhodne-obleknout-kdyz-vyrazite-na-bezky-nebo-lyze\/#breadcrumbitem"}]}]