[{"@context":"https:\/\/schema.org\/","@type":"Article","@id":"https:\/\/www.telkas.cz\/stehovani-v-lete-ma-sva-plus-i-minus\/#Article","mainEntityOfPage":"https:\/\/www.telkas.cz\/stehovani-v-lete-ma-sva-plus-i-minus\/","headline":"St\u011bhov\u00e1n\u00ed v l\u00e9t\u011b m\u00e1 sv\u00e1 plus i m\u00ednus","name":"St\u011bhov\u00e1n\u00ed v l\u00e9t\u011b m\u00e1 sv\u00e1 plus i m\u00ednus","description":"Ti z v\u00e1s, kte\u0159\u00ed si vyberou st\u011bhov\u00e1n\u00ed v letn\u00edm obdob\u00ed, anebo si vyb\u00edrat nem\u016f\u017eete a jste nuceni se p\u0159est\u011bhovat mezi \u010dervnem a srpnem, po\u010d\u00edtejte s &hellip; ","datePublished":"2022-12-11","dateModified":"2023-05-02","author":{"@type":"Person","@id":"https:\/\/www.telkas.cz\/author\/#Person","name":"","url":"https:\/\/www.telkas.cz\/author\/","identifier":1,"image":{"@type":"ImageObject","@id":"https:\/\/secure.gravatar.com\/avatar\/614460c3109f6ef46730ae87c5e2be623f574940fabcec1214dc0d8d5af688cf?s=96&d=mm&r=g","url":"https:\/\/secure.gravatar.com\/avatar\/614460c3109f6ef46730ae87c5e2be623f574940fabcec1214dc0d8d5af688cf?s=96&d=mm&r=g","height":96,"width":96}},"publisher":{"@type":"Organization","name":"telkas.cz","logo":{"@type":"ImageObject","@id":"\/logo.png","url":"\/logo.png","width":600,"height":60}},"image":{"@type":"ImageObject","@id":"https:\/\/www.telkas.cz\/wp-content\/uploads\/home-ge2a2d654b_640.jpg","url":"https:\/\/www.telkas.cz\/wp-content\/uploads\/home-ge2a2d654b_640.jpg","height":0,"width":0},"url":"https:\/\/www.telkas.cz\/stehovani-v-lete-ma-sva-plus-i-minus\/","about":["Business"],"wordCount":457,"articleBody":"   Ti z v\u00e1s, kte\u0159\u00ed si vyberou st\u011bhov\u00e1n\u00ed v letn\u00edm obdob\u00ed, anebo si vyb\u00edrat nem\u016f\u017eete a jste nuceni se p\u0159est\u011bhovat mezi \u010dervnem a srpnem, po\u010d\u00edtejte s t\u00edm, \u017ee v t\u00e9to dob\u011b prov\u00e1z\u00ed st\u011bhovac\u00ed proces n\u011bkter\u00e9 typick\u00e9 jevy:St\u011bhov\u00e1ci m\u00edvaj\u00ed plno \u2013 je zn\u00e1mo, \u017ee nejv\u011bt\u0161\u00ed z\u00e1jem o st\u011bhov\u00e1n\u00ed je v l\u00e9t\u011b, a m\u016f\u017ee se v\u00e1m st\u00e1t, \u017ee v\u00e1s st\u011bhovac\u00ed firma mus\u00ed ve v\u00e1mi po\u017eadovan\u00e9m term\u00ednu odm\u00edtnout. Po\u010d\u00edtejte s t\u00edm, \u017ee zejm\u00e9na v l\u00e9t\u011b je nutn\u00e9 rezervovat st\u011bhov\u00e1n\u00ed alespo\u0148 p\u011bt t\u00fddn\u016f p\u0159edem.Extr\u00e9mn\u00ed vedro hroz\u00ed \u00fapalem \u2013 jestli\u017ee v\u00e1s zastihne v pr\u016fb\u011bhu p\u0159\u00edpravn\u00fdch prac\u00ed i samotn\u00e9ho st\u011bhov\u00e1n\u00ed v Liberci https:\/\/stehovani-mamut.cz\/stehovani-liberec\/ vlna veder, nebude to nic p\u0159\u00edjemn\u00e9ho. V t\u00e9to dob\u011b je lep\u0161\u00ed sed\u011bt n\u011bkde pod slune\u010dn\u00edkem v zahradn\u00ed restauraci anebo b\u00fdt na koupali\u0161ti. Velmi pe\u010dliv\u011b proto zva\u017ete tento term\u00edn, zejm\u00e9na tehdy, jsou-li tropick\u00e9 teploty v o\u010dek\u00e1v\u00e1n\u00ed. Nejv\u011bt\u0161\u00edm probl\u00e9mem je to, \u017ee m\u016f\u017eete onemocn\u011bt \u00fapalem, kter\u00fd v\u00e1m hroz\u00ed v kombinaci tropick\u00fdch teplot a fyzick\u00e9ho pohybu.Automobilov\u00fd provoz \u2013 v l\u00e9t\u011b to t\u00e1hne mnoho lid\u00ed ven a je\u0161t\u011b po dvac\u00e1t\u00e9 hodin\u011b se na ulic\u00edch objevuje velk\u00fd po\u010det vozidel. To m\u016f\u017ee m\u00edt nep\u0159\u00edjemn\u00fd vliv na tvorbu silni\u010dn\u00edch kolon a r\u016fzn\u00fdch dopravn\u00edch kolaps\u016f. V l\u00e9t\u011b se tak\u00e9 zvy\u0161uje nehodovost a dle policejn\u00edch statistik b\u00fdv\u00e1 nejv\u011bt\u0161\u00ed po\u010det nehod od kv\u011btna do z\u00e1\u0159\u00ed a nejni\u017e\u0161\u00ed naopak v zim\u011b.Nejdel\u0161\u00ed dny v roce \u2013 st\u011bhov\u00e1n\u00ed v l\u00e9t\u011b m\u00e1 v\u0161ak i sv\u00e9 pozitivn\u00ed str\u00e1nky. Nap\u0159\u00edklad b\u00fdv\u00e1 nejdel\u0161\u00ed slune\u010dn\u00ed svit, na\u010de\u017e slunce dod\u00e1v\u00e1 energii pro tvo\u0159ivou \u010dinnost, a z\u00e1rove\u0148 je to obdob\u00ed nejdel\u0161\u00edch dn\u016f v roce, tak\u017ee pokud si napl\u00e1nujete term\u00edn na konec \u010dervna, v\u011bzte, \u017ee u\u017e v\u00e1s slunce bude \u201etahat z postele\u201c po \u010dtvrt\u00e9 hodin\u011b rann\u00ed a ve\u010der bude zapadat a\u017e po 21. hodin\u011b. Takto dlouh\u00fd den ocen\u00edte zejm\u00e9na v den st\u011bhov\u00e1n\u00ed, pokud se st\u011bhujete nap\u0159. do objektu, kde b\u00fdval\u00fd majitel nezanechal jedin\u00e9 sv\u00edtidlo, a vy se po nast\u011bhov\u00e1n\u00ed mus\u00edte nejprve zhostit jejich mont\u00e1\u017ee. Kdybyste se st\u011bhovali v prosinci, ji\u017e po patn\u00e1ct\u00e9 hodin\u011b se za\u010dne stm\u00edvat a st\u011bhov\u00e1n\u00ed potm\u011b s baterkou nen\u00ed rozhodn\u011b nic p\u0159\u00edjemn\u00e9ho.                                                                                                                                                                                                                                                                                                                                                                                                  "},{"@context":"https:\/\/schema.org\/","@type":"BreadcrumbList","itemListElement":[{"@type":"ListItem","position":1,"name":"St\u011bhov\u00e1n\u00ed v l\u00e9t\u011b m\u00e1 sv\u00e1 plus i m\u00ednus","item":"https:\/\/www.telkas.cz\/stehovani-v-lete-ma-sva-plus-i-minus\/#breadcrumbitem"}]}]