[{"@context":"https:\/\/schema.org\/","@type":"Article","@id":"https:\/\/www.telkas.cz\/sekani-travy\/#Article","mainEntityOfPage":"https:\/\/www.telkas.cz\/sekani-travy\/","headline":"Sek\u00e1n\u00ed tr\u00e1vy","name":"Sek\u00e1n\u00ed tr\u00e1vy","description":"Je opravdu mnoho lid\u00ed, kte\u0159\u00ed nemaj\u00ed \u010das na svoji zahradu, aby se o svou zahradu postarali nebo aby ud\u011blali to, aby zahrada byla p\u011bkn\u00e1 a &hellip; ","datePublished":"2022-11-20","dateModified":"2023-05-02","author":{"@type":"Person","@id":"https:\/\/www.telkas.cz\/author\/#Person","name":"","url":"https:\/\/www.telkas.cz\/author\/","identifier":1,"image":{"@type":"ImageObject","@id":"https:\/\/secure.gravatar.com\/avatar\/614460c3109f6ef46730ae87c5e2be623f574940fabcec1214dc0d8d5af688cf?s=96&d=mm&r=g","url":"https:\/\/secure.gravatar.com\/avatar\/614460c3109f6ef46730ae87c5e2be623f574940fabcec1214dc0d8d5af688cf?s=96&d=mm&r=g","height":96,"width":96}},"publisher":{"@type":"Organization","name":"telkas.cz","logo":{"@type":"ImageObject","@id":"\/logo.png","url":"\/logo.png","width":600,"height":60}},"image":{"@type":"ImageObject","@id":"https:\/\/www.telkas.cz\/wp-content\/uploads\/agriculture-1807581_960_720.jpg","url":"https:\/\/www.telkas.cz\/wp-content\/uploads\/agriculture-1807581_960_720.jpg","height":0,"width":0},"url":"https:\/\/www.telkas.cz\/sekani-travy\/","about":["Business"],"wordCount":428,"articleBody":"        Je opravdu mnoho lid\u00ed, kte\u0159\u00ed nemaj\u00ed \u010das na svoji zahradu, aby se o svou zahradu postarali nebo aby ud\u011blali to, aby zahrada byla p\u011bkn\u00e1 a byla v po\u0159\u00e1dku. A od toho tady jsou r\u016fzn\u00e9 slu\u017eby, kter\u00e9 se v\u00e1m postaraj\u00ed o p\u011bknou zahradu a taky kr\u00e1sn\u00fd udr\u017eovan\u00fd tr\u00e1vn\u00edk. J\u00e1 bohu\u017eel pat\u0159\u00edm k t\u011bm lidem, kte\u0159\u00ed jsou velice hodn\u011b pracovn\u011b vyt\u00ed\u017een\u00ed. Tak\u017ee m\u00e1m ale i velkou zahradu, o kterou se ale bohu\u017eel nem\u016f\u017eu starat. Taky si vzpom\u00edn\u00e1m na rady moj\u00ed m\u00e1my, kter\u00e1 mi \u0159\u00edkala a\u0165 si v\u016fbec nikdy nekupuji velk\u00fd d\u016fm, proto\u017ee na to pr\u00fd nem\u00e1m \u010das. Jenom\u017ee j\u00e1 jsem m\u00e1m\u011b st\u00e1le dokola opakovala, \u017ee chci m\u00edt velkou zahradu, kde se budu opalovat a kde potom taky budu pracovat. Jenom\u017ee to nakonec dopadlo v\u0161echno \u00fapln\u011b jinak. Te\u010f m\u00e1m \u00fapln\u011b jinou pr\u00e1ci, ne\u017e jsem m\u011bla, tak\u017ee mus\u00edm b\u00fdt opravdu velice \u010dasto denn\u011b v pr\u00e1ci a doma se v\u00e1\u017en\u011b zdr\u017euji minim\u00e1ln\u011b, takhle jsem si to ale nep\u0159edstavovala.A kdy\u017e m\u00e1m volno, tak pracuji zase n\u011bco z domu. M\u00e1m toti\u017e dv\u011b pr\u00e1ce. Tak\u017ee \u010dasu m\u00e1m opravdu m\u00e1lo, proto jsem velice r\u00e1da, \u017ee existuje webov\u00e1 str\u00e1nka seceni-mulcovani.cz, kde tak\u00e9 najdete kontakt Seceni-mulcovani.cz na firmu, kter\u00e1 v\u00e1m p\u0159ijde skv\u011ble posekat tr\u00e1vu a postar\u00e1 se v\u00e1m o zahradu. Je\u0161t\u011b doned\u00e1vna jsem nev\u011bd\u011bla, \u017ee takov\u00e9 slu\u017eby na sek\u00e1n\u00ed a mul\u010dov\u00e1n\u00ed tr\u00e1vy existuj\u00ed. Proto jsem byla r\u00e1da, \u017ee jsem na jejich webov\u00fdch str\u00e1nk\u00e1ch na\u0161la kontakt, kter\u00fd jsem si pe\u010dliv\u011b ulo\u017eila do mobiln\u00edho telefonu a jejich slu\u017eby vyu\u017e\u00edv\u00e1m dvakr\u00e1t t\u00fddn\u011b.Mysl\u00edm t\u00edm v l\u00e9t\u011b a na ja\u0159e a taky na podzim ta\u0165ka jsem r\u00e1da, \u017ee alespo\u0148 v zim\u011b zahrada nepot\u0159ebuje n\u011bjak\u00e9 zvl\u00e1\u0161tn\u00ed zach\u00e1zen\u00ed. M\u00e1m toti\u017e velice r\u00e1da n\u00edzk\u00fd a udr\u017eovan\u00fd tr\u00e1vn\u00edk, tak\u017ee tato firma mi to skv\u011ble spln\u00ed a opravdu udr\u017euje m\u016fj tr\u00e1vn\u00edk v \u010distot\u011b a taky kr\u00e1tce st\u0159i\u017een\u00fd. Pokud i vy chcete kontakt na tuhle skv\u011blou firmu, sta\u010d\u00ed nav\u0161t\u00edvit jejich webov\u00e9 str\u00e1nky. V\u011b\u0159te, \u017ee prvn\u00ed kontakt na firmu \u010di \u010dlov\u011bka je opravdu hodn\u011b d\u016fle\u017eit\u00fd.                                                                                                                                                                                                                                                                                                                                                                                                   "},{"@context":"https:\/\/schema.org\/","@type":"BreadcrumbList","itemListElement":[{"@type":"ListItem","position":1,"name":"Sek\u00e1n\u00ed tr\u00e1vy","item":"https:\/\/www.telkas.cz\/sekani-travy\/#breadcrumbitem"}]}]