[{"@context":"https:\/\/schema.org\/","@type":"Article","@id":"https:\/\/www.telkas.cz\/bile-obleceni\/#Article","mainEntityOfPage":"https:\/\/www.telkas.cz\/bile-obleceni\/","headline":"B\u00edl\u00e9 oble\u010den\u00ed","name":"B\u00edl\u00e9 oble\u010den\u00ed","description":"Mysl\u00edm si o sob\u011b, \u017ee m\u00e1m skv\u011bl\u00fd m\u00f3dn\u00ed styl. Taky aby ne, proto\u017ee d\u0159\u00edve jsem cht\u011bla b\u00fdt m\u00f3dn\u00ed n\u00e1vrh\u00e1\u0159ka anebo modelka, tak\u017ee jsem si d\u00e1vala &hellip; ","datePublished":"2022-11-13","dateModified":"2023-05-02","author":{"@type":"Person","@id":"https:\/\/www.telkas.cz\/author\/#Person","name":"","url":"https:\/\/www.telkas.cz\/author\/","identifier":1,"image":{"@type":"ImageObject","@id":"https:\/\/secure.gravatar.com\/avatar\/614460c3109f6ef46730ae87c5e2be623f574940fabcec1214dc0d8d5af688cf?s=96&d=mm&r=g","url":"https:\/\/secure.gravatar.com\/avatar\/614460c3109f6ef46730ae87c5e2be623f574940fabcec1214dc0d8d5af688cf?s=96&d=mm&r=g","height":96,"width":96}},"publisher":{"@type":"Organization","name":"telkas.cz","logo":{"@type":"ImageObject","@id":"\/logo.png","url":"\/logo.png","width":600,"height":60}},"image":{"@type":"ImageObject","@id":"https:\/\/www.telkas.cz\/wp-content\/uploads\/woman-3424409_960_720_1.jpg","url":"https:\/\/www.telkas.cz\/wp-content\/uploads\/woman-3424409_960_720_1.jpg","height":0,"width":0},"url":"https:\/\/www.telkas.cz\/bile-obleceni\/","about":["Zbo\u017e\u00ed"],"wordCount":437,"articleBody":"        Mysl\u00edm si o sob\u011b, \u017ee m\u00e1m skv\u011bl\u00fd m\u00f3dn\u00ed styl. Taky aby ne, proto\u017ee d\u0159\u00edve jsem cht\u011bla b\u00fdt m\u00f3dn\u00ed n\u00e1vrh\u00e1\u0159ka anebo modelka, tak\u017ee jsem si d\u00e1vala velice z\u00e1le\u017eet i na tom, jak vypad\u00e1m. Anebo co nos\u00edm a v jakoukoli dobu, proto\u017ee jsem taky dbala to, abych t\u0159eba u ve\u010de\u0159e s p\u0159\u00e1teli byla kr\u00e1sn\u011b a modern\u011b oble\u010den\u00e1, aby se to k tomu hodilo a abych na ve\u010de\u0159i t\u0159eba v pr\u00e1ci nebyla n\u011bjak moc vyz\u00fdvav\u011b oble\u010den\u00e1. Proto jsem si taky velice obl\u00edbila b\u00edl\u00e9 tri\u010dko bez potisku, kter\u00e9 se hod\u00ed opravdu v\u0161ude. A opravdu si nedok\u00e1\u017eu p\u0159edstavit fakt, \u017ee bych t\u0159eba doma ve sk\u0159\u00edni nem\u011bla b\u00edl\u00e9 tri\u010dko bez potisku. A taky samoz\u0159ejm\u011b, \u017ee m\u00e1m taky doma tri\u010dka bez potisku, a to v b\u00e9\u017eov\u00e9 a v modr\u00e9 a taky v \u010dern\u00e9 barv\u011b. To je podle m\u00e9ho n\u00e1zoru \u00fapln\u00fd z\u00e1klad. A pr\u00e1v\u011b k z\u00e1kladu samoz\u0159ejm\u011b pro m\u011b taky pat\u0159\u00ed b\u00edl\u00e9 tri\u010dko bez potisku. Takov\u00e9 tri\u010dko m\u016f\u017eete si vz\u00edt do pr\u00e1ce t\u0159eba pod sako.Je to \u00fapln\u011b ide\u00e1ln\u00ed, pokud je hlavn\u011b bavln\u011bn\u00e9, proto\u017ee pochybuji, \u017ee se n\u011bkdo bude perfektn\u011b c\u00edtit v n\u011bjak\u00e9m tri\u010dku, kter\u00e9 je z polyesteru nebo z dal\u0161\u00edho um\u011bl\u00e9ho materi\u00e1lu. Z takov\u00fdch um\u011bl\u00fdch materi\u00e1lu se \u010dlov\u011bk pot\u00ed a m\u016f\u017ee taky m\u00edt vyr\u00e1\u017eku. Proto kdy\u017e u\u017e si kupuji b\u00edl\u00e9 tri\u010dko bez potisku, tak bych cht\u011bla, aby bylo hlavn\u011b z bavlny anebo z biobavlny. Taky jsem jednou m\u011bla b\u00edl\u00e9 tri\u010dko bez potisku, kter\u00e9 bylo z osmdes\u00e1ti procent ka\u0161m\u00edr. Mus\u00edm \u0159\u00edct, \u017ee to bylo velice p\u0159\u00edjemn\u00e9 tri\u010dko a na k\u016f\u017ei to bylo velice jemn\u00e9 a m\u011bkk\u00e9. Tak\u017ee pokud i vy sh\u00e1n\u00edte n\u011bjak\u00e9 kvalitn\u00ed tri\u010dko, kter\u00e9 je b\u00edl\u00e9 a bez potisku, m\u016f\u017eete se pod\u00edvat nap\u0159\u00edklad na webov\u00e9 str\u00e1nky armytrika.cz, kde najdete v\u0161echny druhy tri\u010dek, kter\u00e9 pot\u0159ebujete ke sv\u00e9mu \u017eivotu. V\u011b\u0159te mi, \u017ee tady najdete opravdu skv\u011bl\u00e9 tri\u010dko, kter\u00e9 v\u00e1m ve sk\u0159\u00edni u\u017e hodn\u011b dlouho chyb\u011blo. A nenajdete taky tri\u010dko jenom vy, ale i cel\u00e1 rodina, co t\u0159eba stejn\u00e9 tri\u010dko s va\u0161\u00edm p\u0159\u00edtelem? Bylo by to docela prima.                                                                                                                                                                                                                                                                                                                                                                                                   "},{"@context":"https:\/\/schema.org\/","@type":"BreadcrumbList","itemListElement":[{"@type":"ListItem","position":1,"name":"B\u00edl\u00e9 oble\u010den\u00ed","item":"https:\/\/www.telkas.cz\/bile-obleceni\/#breadcrumbitem"}]}]